{"id":4208,"date":"2026-04-28T09:50:17","date_gmt":"2026-04-28T08:50:17","guid":{"rendered":"https:\/\/atelierd7.com\/?p=4208"},"modified":"2026-04-28T10:10:20","modified_gmt":"2026-04-28T09:10:20","slug":"kreativ-workshopok-budapesten-atelier-d7","status":"publish","type":"post","link":"https:\/\/atelierd7.com\/en\/kreativ-workshopok-budapesten-atelier-d7\/","title":{"rendered":"Kreat\u00edv workshopok Budapesten, ahol az alkot\u00e1s \u00e9lm\u00e9nny\u00e9 v\u00e1lik az Atelier D7 szakember\u00e9vel &#8211; interj\u00fa B\u00f6gre Dorin\u00e1val"},"content":{"rendered":"<p class=\"has-medium-font-size\"><strong>Interj\u00fa B\u00f6gre Dorin\u00e1val, az Atelier D7 kreat\u00edv st\u00fadi\u00f3 alap\u00edt\u00f3j\u00e1val az Esk\u00fcv\u0151 Classic Magazinban<\/strong><\/p>\n\n\n\n<p>,,Szeretn\u00e9l egy helyet, ahol szabadon alkothatsz, \u00e9s k\u00f6zben j\u00f3l is \u00e9rzed magad? Az <a href=\"https:\/\/atelierd7.com\/en\/\" target=\"_blank\" rel=\"noopener\" title=\"\">Atelier D7<\/a> \u00e1ltal szervezett <a href=\"https:\/\/atelierd7.com\/en\/workshopok\/\" target=\"_blank\" rel=\"noopener\" title=\"\">kreat\u00edv workshopok<\/a> Budapesten pont ilyenek! Legyen sz\u00f3 charm kark\u00f6t\u0151 k\u00e9sz\u00edt\u00e9sr\u0151l, t\u00e1ska horgol\u00e1sr\u00f3l vagy egyedi Glow &amp; Go neszeszer dekor\u00e1ci\u00f3r\u00f3l, minden alkalom egy \u00e9lm\u00e9ny, ahol a kreativit\u00e1s, a k\u00f6z\u00f6ss\u00e9g \u00e9s a j\u00f3 hangulat tal\u00e1lkozik. A workshopok t\u00f6k\u00e9letesek l\u00e1nyb\u00facs\u00fara, bar\u00e1ti programra vagy egyszer\u0171en csak egy kikapcsol\u00f3d\u00f3s d\u00e9lut\u00e1nra, ahol mindenki siker\u00e9lm\u00e9nnyel t\u00e1vozik, \u00e9s a saj\u00e1t alkot\u00e1s\u00e1t viheti haza.&#8221;<\/p>\n\n\n\n<p><strong>Esk\u00fcv\u0151 C:lassic Hogyan \u00e1lmodtad meg az Atelier D7 St\u00fadi\u00f3t?<br>B\u00f6gre Dorina:<\/strong>&nbsp;<strong>Az Atelier D7 (\u2018atelier\u2019 = \u2018m\u0171hely\u2019)&nbsp;saj\u00e1t alkot\u00f3m\u0171hely jelleggel indult 2024 okt\u00f3ber\u00e9ben,<\/strong>&nbsp;a divattervez\u00e9snek szerettem volna m\u00e9g t\u00f6bb teret adni az \u00e9letemben. Mindig is v\u00e1gytam egy&nbsp;<strong>saj\u00e1t st\u00fadi\u00f3ra<\/strong>, ahol szabadon alkothatok, \u00e9s ahol ezt a&nbsp;<strong>kreat\u00edv energi\u00e1t m\u00e1sokkal is megoszthatom.<\/strong>&nbsp;Teljesen organikusan \u00e9s \u00f6nfinansz\u00edroz\u00f3 m\u00f3don indult el&nbsp;<strong>Magyarorsz\u00e1g els\u0151 <a href=\"https:\/\/atelierd7.com\/en\/charm-workshop-budapest\/\" target=\"_blank\" rel=\"noopener\" title=\"\">Charm kark\u00f6t\u0151 workshopja<\/a><\/strong>&nbsp;azon t\u00e9len k\u00eds\u00e9rlet jelleggel, ami v\u00e9g\u00fcl nagyon pozit\u00edv fogadtat\u00e1st \u00e9s sz\u00e1mos \u00e9rdekl\u0151d\u0151t hozott mag\u00e1val. Az\u00f3ta a r\u00e9sztvev\u0151k charm nyakl\u00e1ncot, bokal\u00e1ncot \u00e9s t\u00e1ska charmot is k\u00e9sz\u00edthetnek. A kiscsoportos workshopok sor\u00e1n hamar kider\u00fclt sz\u00e1momra, hogy mekkora ig\u00e9ny van az ilyen t\u00edpus\u00fa kreat\u00edv kikapcsol\u00f3d\u00e1sra, egy biztons\u00e1gos, inspir\u00e1l\u00f3 k\u00f6zegre \u00e9s a k\u00f6z\u00f6ss\u00e9gre. \u00cdgy n\u0151tte ki mag\u00e1t a szem\u00e9lyes alkot\u00f3m\u0171hely&nbsp;<strong>egy 60 nm-es kreat\u00edv st\u00fadi\u00f3v\u00e1 a 6. ker\u00fcletben<\/strong>. Itt tov\u00e1bbra is minden szem\u00e9lyes kreat\u00edv t\u00e1rgyam, a varr\u00f3g\u00e9peim, a&nbsp;<strong>Vogue<\/strong>&nbsp;gy\u0171jtem\u00e9nyem is megtal\u00e1lhat\u00f3, ami otthonosabb \u00e9s szabadabb hangulatot teremt, \u00e9s amit a r\u00e9sztvev\u0151k is nagyon szoktak szeretni.<\/p>\n\n\n\n<p><strong>EC: Milyen workshopokon vehetnek r\u00e9szt n\u00e1lad az \u00e9rdekl\u0151d\u0151k?<br>Dorina:<\/strong>&nbsp;The&nbsp;<strong>nemzetk\u00f6zi trendek<\/strong>&nbsp;ide mindig kicsit k\u00e9s\u0151bb \u00e9rnek el, \u00edgy igyekeztem erre f\u00f3kusz\u00e1lni, naprak\u00e9sz lenni \u00e9s valamilyen saj\u00e1t, kreat\u00edv \u00f6tlettel \u00fajdons\u00e1gokat is belecsemp\u00e9szni a workshopokba. T\u00f6bbek k\u00f6z\u00f6tt&nbsp;<strong><a href=\"https:\/\/atelierd7.com\/en\/italian-charm-bracelet-workshop\/\" target=\"_blank\" rel=\"noopener\" title=\"\">Italian charm-kark\u00f6t\u0151k\u00e9sz\u00edt\u0151<\/a> and <a href=\"https:\/\/atelierd7.com\/en\/bandana-charm-workshop\/\" target=\"_blank\" rel=\"noopener\" title=\"\">Bandana-nyakl\u00e1nc workshop<\/a> is n\u00e1lam volt el\u0151sz\u00f6r az orsz\u00e1gban<\/strong>, tov\u00e1bb\u00e1 kifejezetten szeretem az olyan egyedi workshopokat, amelyekkel m\u00e1shol nem tal\u00e1lkoznak: pl.&nbsp;<strong>Bling your blazer workshop<\/strong>, ahol bl\u00e9zeket strasszoztunk fel, vagy a&nbsp;<strong><a href=\"https:\/\/atelierd7.com\/en\/disco-mirror-workshop\/\" target=\"_blank\" rel=\"noopener\" title=\"\">Disco mirror workshop<\/a><\/strong>, ahol egy t\u00fckr\u00f6t tudnak diszk\u00f3g\u00f6mb\u00f6kkel \u00e9s pozit\u00edv affirm\u00e1ci\u00f3s \u00fczenettel feld\u00edsz\u00edteni a r\u00e9sztvev\u0151k \u2013 csak hogy minden napban legyen egy kis csillog\u00e1s. Mindemellett 2025 m\u00e1jusa \u00f3ta&nbsp;<a href=\"https:\/\/atelierd7.com\/en\/horgolt-taska-workshop\/\" target=\"_blank\" rel=\"noopener\" title=\"\"><strong>t\u00e1ska horgol\u00f3 workshopok<\/strong>&nbsp;<\/a>is vannak folyamatosan, amit a legjobb bar\u00e1tn\u0151m,&nbsp;<strong><a href=\"https:\/\/www.instagram.com\/casakumo_\/\" target=\"_blank\" rel=\"noopener\" title=\"\">Vikt\u00f3ria Unger<\/a> ind\u00edtott el a st\u00fadi\u00f3 sz\u00e1rnyai alatt<\/strong>&nbsp;(engem is \u0151 tan\u00edtott meg horgolni). Ez szint\u00e9n egy nagyon kedvelt workshop, teljesen kezd\u0151k\u00e9nt is siker\u00e9lm\u00e9nnyel \u00e9s nagyon boldogan t\u00e1vozik mindenki. Janu\u00e1rban m\u00e1r m\u00e1sodik \u00e9ve&nbsp;<strong><a href=\"https:\/\/atelierd7.com\/en\/dream-sip-vision-board-workshop\/\" target=\"_blank\" rel=\"noopener\" title=\"\">Vision board k\u00e9sz\u00edt\u0151 workshopokon<\/a><\/strong>&nbsp;tervezz\u00fck meg egy\u00fctt az \u00faj \u00e9vet, c\u00e9ljainkat egy kis tudatos gondolkoz\u00e1s mellett, de volt m\u00e1r charm \u00e9s horgol\u00f3 piknik, gardr\u00f3bv\u00e1s\u00e1r, fot\u00f3z\u00e1s, priv\u00e1t b\u0151rt\u00e1ska k\u00e9sz\u00edt\u0151 workshop is, valamint h\u00edress\u00e9gek is alkottak m\u00e1r a st\u00fadi\u00f3ban.<\/p>\n\n\n\n<p><strong>EC: Kifejezetten l\u00e1nyb\u00facs\u00fas workshopokat is szervezel?<br>Dorina:&nbsp;<\/strong>Egy kreat\u00edv workshop t\u00f6k\u00e9letes <a href=\"https:\/\/atelierd7.com\/en\/lanybucsu-program-budapesten\/\" target=\"_blank\" rel=\"noopener\" title=\"\">l\u00e1nyb\u00facs\u00fa program<\/a> lehet, hiszen nem csup\u00e1n az&nbsp;<strong>elk\u00e9sz\u00edtett t\u00e1rgyat<\/strong>&nbsp;viszik haza magukkal a l\u00e1nyok, hanem mag\u00e1t a&nbsp;<strong>k\u00f6z\u00f6s \u00e9lm\u00e9nyt is<\/strong>&nbsp;\u2013 \u00e9s ezt a szervez\u0151&nbsp;<strong>koszor\u00fasl\u00e1nyok<\/strong>&nbsp;is sokszor \u00edgy gondolj\u00e1k. Sz\u00e1mos megkeres\u00e9s \u00e9rkezik \u2013&nbsp;<strong>k\u00fclf\u00f6ldr\u0151l is<\/strong>&nbsp;\u2013 \u00e9s nagyon sz\u00edvesen biztos\u00edtom az&nbsp;<strong>Atelier D7 st\u00fadi\u00f3t a l\u00e1nyb\u00facs\u00fak priv\u00e1t helysz\u00edn\u00e9\u00fcl<\/strong>, rugalmas vagyok a workshop kialak\u00edt\u00e1s\u00e1t illet\u0151en is. A legn\u00e9pszer\u0171bb l\u00e1nyb\u00facs\u00fas program a&nbsp;<strong>Charm kark\u00f6t\u0151 k\u00e9sz\u00edt\u00e9s<\/strong>, azonban&nbsp;<strong>t\u00e1ska horgol\u00e1sra is volt m\u00e1r p\u00e9lda<\/strong>. Lehet\u0151s\u00e9get biztos\u00edtok pezsg\u0151, torta behozatal\u00e1ra (a beszerz\u00e9sben is tudok seg\u00edteni), illetve j\u00e1t\u00e9kokra, dekor\u00e1l\u00e1sra, k\u00f6z\u00f6s kreat\u00edv \u00f6tletel\u00e9sre, \u00edgy lesz teljes a l\u00e1nyb\u00facs\u00fa \u00e9lm\u00e9ny. Leg\u00fajabb workshop a st\u00fadi\u00f3 k\u00edn\u00e1lat\u00e1ban a&nbsp;<a href=\"https:\/\/atelierd7.com\/en\/glow-go-workshop\/\" target=\"_blank\" rel=\"noopener\" title=\"\"><strong>Glow &amp; Go kieg\u00e9sz\u00edt\u0151 workshop<\/strong>,<\/a> ahol egy letisztult lenv\u00e1szon neszeszert tudnak feld\u00edsz\u00edteni a r\u00e9sztvev\u0151k vasalhat\u00f3 felvarr\u00f3kkal, bet\u0171kkel \u00e9s csillog\u00f3 strasszokkal \u2013 bride-os v\u00e1ltozatban is.<\/p>\n\n\n\n<div class=\"wp-block-columns is-layout-flex wp-container-core-columns-is-layout-28f84493 wp-block-columns-is-layout-flex\">\n<div class=\"wp-block-column is-layout-flow wp-block-column-is-layout-flow\">\n<div class=\"wp-block-columns has-ast-global-color-4-background-color has-background is-layout-flex wp-container-core-columns-is-layout-28f84493 wp-block-columns-is-layout-flex\">\n<div class=\"wp-block-column has-ast-global-color-4-background-color has-background is-layout-flow wp-block-column-is-layout-flow\" style=\"flex-basis:66.66%\">\n<div class=\"wp-block-uagb-advanced-heading uagb-block-2063e67c\"><h3 class=\"uagb-heading-text\"><strong>EGY KIS INFORM\u00c1CI\u00d3 AZ ATELIER&nbsp;D7 ALAP\u00cdT\u00d3J\u00c1R\u00d3L<\/strong><\/h3><\/div>\n\n\n\n<p><strong>B\u00f6gre Dorina vagyok, kreat\u00edv alkot\u00f3 \u00e9s az Atelier D7 alap\u00edt\u00f3ja.<\/strong>&nbsp;The&nbsp;<strong>fot\u00f3z\u00e1s, marketing \u00e9s design<\/strong>&nbsp;sz\u00e1momra nem k\u00fcl\u00f6n\u00e1ll\u00f3 ter\u00fcletek, hanem egy&nbsp;<strong>k\u00f6z\u00f6s vizu\u00e1lis nyelv<\/strong>, amin kereszt\u00fcl t\u00f6rt\u00e9neteket mes\u00e9lek \u00e9s hangulatokat teremtek. Inspir\u00e1ci\u00f3mat utaz\u00e1sokb\u00f3l, k\u00fcl\u00f6nb\u00f6z\u0151 kult\u00far\u00e1kb\u00f3l \u00e9s a r\u00e9szletek ir\u00e1nti \u00e9rz\u00e9kenys\u00e9gb\u0151l mer\u00edtem.<strong>&nbsp;T\u00f6bb mint 9 \u00e9v szakmai tapasztalattal<\/strong>&nbsp;a kreativit\u00e1st strat\u00e9giai gondolkod\u00e1ssal \u00f6tv\u00f6z\u00f6m, mik\u00f6zben folyamatosan keresem az \u00faj form\u00e1kat, text\u00far\u00e1kat \u00e9s vizu\u00e1lis ir\u00e1nyokat. Az&nbsp;<strong>Atelier D7<\/strong>&nbsp;sz\u00e1momra nem csup\u00e1n egy st\u00fadi\u00f3, hanem egy&nbsp;<strong>\u00e9let\u00e9rz\u00e9s: egy inspir\u00e1l\u00f3 t\u00e9r, ahol a kreativit\u00e1s, a n\u0151iess\u00e9g \u00e9s a csillog\u00e1s tal\u00e1lkozik<\/strong>. Egy hely, ahol az alkot\u00e1s lelass\u00edt, felt\u00f6lt, \u00e9s seg\u00edt \u00fajra kapcsol\u00f3dni \u00f6nmagunkhoz.<\/p>\n\n\n\n<div style=\"height:8px\" aria-hidden=\"true\" class=\"wp-block-spacer\"><\/div>\n<\/div>\n\n\n\n<div class=\"wp-block-column is-layout-flow wp-block-column-is-layout-flow\" style=\"flex-basis:33.33%\">\n<figure class=\"wp-block-image size-large\" style=\"margin-top:var(--wp--preset--spacing--40);margin-right:var(--wp--preset--spacing--30);margin-bottom:var(--wp--preset--spacing--40);margin-left:var(--wp--preset--spacing--30)\"><img loading=\"lazy\" decoding=\"async\" width=\"1024\" height=\"1024\" src=\"https:\/\/atelierd7.com\/wp-content\/uploads\/2026\/04\/atelier-d7-1080x1440-4-e1777366529366-1024x1024.jpg\" alt=\"\" class=\"wp-image-4210\" srcset=\"https:\/\/atelierd7.com\/wp-content\/uploads\/2026\/04\/atelier-d7-1080x1440-4-e1777366529366-1024x1024.jpg 1024w, https:\/\/atelierd7.com\/wp-content\/uploads\/2026\/04\/atelier-d7-1080x1440-4-e1777366529366-300x300.jpg 300w, https:\/\/atelierd7.com\/wp-content\/uploads\/2026\/04\/atelier-d7-1080x1440-4-e1777366529366-150x150.jpg 150w, https:\/\/atelierd7.com\/wp-content\/uploads\/2026\/04\/atelier-d7-1080x1440-4-e1777366529366-768x768.jpg 768w, https:\/\/atelierd7.com\/wp-content\/uploads\/2026\/04\/atelier-d7-1080x1440-4-e1777366529366-12x12.jpg 12w, https:\/\/atelierd7.com\/wp-content\/uploads\/2026\/04\/atelier-d7-1080x1440-4-e1777366529366-250x250.jpg 250w, https:\/\/atelierd7.com\/wp-content\/uploads\/2026\/04\/atelier-d7-1080x1440-4-e1777366529366-500x500.jpg 500w, https:\/\/atelierd7.com\/wp-content\/uploads\/2026\/04\/atelier-d7-1080x1440-4-e1777366529366-100x100.jpg 100w, https:\/\/atelierd7.com\/wp-content\/uploads\/2026\/04\/atelier-d7-1080x1440-4-e1777366529366.jpg 1080w\" sizes=\"auto, (max-width: 1024px) 100vw, 1024px\" \/><\/figure>\n<\/div>\n<\/div>\n<\/div>\n<\/div>\n\n\n\n<div style=\"height:51px\" aria-hidden=\"true\" class=\"wp-block-spacer\"><\/div>\n\n\n\n<p><strong>EC: Mivel foglalkozol m\u00e9g a workshopokon k\u00edv\u00fcl?<br>Dorina:&nbsp;<\/strong>Alapvet\u0151en&nbsp;<strong>marketinggel<\/strong>&nbsp;foglalkozom k\u00f6zel&nbsp;<strong>10 \u00e9ve<\/strong>&nbsp;(social media, fizetett hirdet\u00e9sek, strat\u00e9gi\u00e1k) \u00e9s&nbsp;<strong>5 \u00e9ve v\u00e1llalkozom<\/strong>, azonban ez id\u0151 alatt elv\u00e9geztem egy&nbsp;<strong>Divat- \u00e9s st\u00edlustervez\u0151 OKJ-s k\u00e9pz\u00e9st<\/strong>&nbsp;(b\u0151r szakon), valamint egy&nbsp;<strong>Fot\u00f3m\u0171v\u00e9sz mesterk\u00e9pz\u00e9st is<\/strong>&nbsp;\u2013 a kreativit\u00e1s mindig is nagy r\u00e9sz\u00e9t k\u00e9pezte az \u00e9letemnek. Akkor \u00e9rzem magam igaz\u00e1n \u00f6nazonosnak, ha alkothatok \u00e9s folyamatosan tanulom, hogyan tehetem meg ezt an\u00e9lk\u00fcl, hogy m\u00e1sok v\u00e9lem\u00e9nye vagy elv\u00e1r\u00e1sai befoly\u00e1soljanak ebben. Ezt egy nagyon fontos t\u00e9nyez\u0151nek gondolom a&nbsp;<strong>szabad alkot\u00e1s<\/strong>&nbsp;kapcs\u00e1n \u00e9s pont ennek szeretn\u00e9k \u00e9n is teret adni m\u00e1sok sz\u00e1m\u00e1ra az Atelier D7-ben. Tov\u00e1bb\u00e1 Vikivel van egy k\u00f6z\u00f6s n\u0151i ruham\u00e1rk\u00e1nk, a&nbsp;<strong><a href=\"https:\/\/milagrita.com\/\" target=\"_blank\" rel=\"noopener\" title=\"\">Milagrita,<\/a><\/strong>&nbsp;melynek hasonl\u00f3 a f\u0151 \u00fczenete:&nbsp;<strong>Te magad vagy a csoda (\u2019milagrita\u2019 spanyolul \u2019kicsi csoda\u2019).<\/strong><\/p>\n\n\n\n<p><strong>EC: Helyileg hol vagy megtal\u00e1lhat\u00f3? Kisz\u00e1ll\u00e1st is v\u00e1llalsz?<br>Dorina:&nbsp;Az Atelier D7 kreat\u00edv st\u00fadi\u00f3 jelenleg Budapesten, a 6. ker\u00fcletben tal\u00e1lhat\u00f3, a Szondi utca 61. sz\u00e1m alatt.<\/strong>&nbsp;Belv\u00e1rosi, k\u00f6nnyen megk\u00f6zel\u00edthet\u0151 lok\u00e1ci\u00f3, egy kis kincsesdoboz.&nbsp;<strong>T\u00e1gas 60 nm-es t\u00e9r konyh\u00e1val \u00e9s f\u00fcrd\u0151szob\u00e1val<\/strong>, \u00edgy k\u00e9nyelmes b\u00e1rmilyen workshop vagy esem\u00e9ny sor\u00e1n.&nbsp;<strong><a href=\"https:\/\/atelierd7.com\/en\/workshop-kitelepules\/\" target=\"_blank\" rel=\"noopener\" title=\"\">Workshop kitelep\u00fcl\u00e9st<\/a> is nagyon sz\u00edvesen v\u00e1llalok<\/strong>&nbsp;legyen sz\u00f3 l\u00e1nyb\u00facs\u00far\u00f3l vagy egy\u00e9b c\u00e9ges rendezv\u00e9nyr\u0151l \u2013 mindkett\u0151re volt m\u00e1r p\u00e9lda. Ezek mellett a&nbsp;<strong><a href=\"https:\/\/www.instagram.com\/p\/DNnTRL-sWOK\/\" target=\"_blank\" rel=\"noopener\" title=\"\">Strand fesztiv\u00e1lon<\/a>, az Esk\u00fcv\u0151 Classic Imagine esk\u00fcv\u0151ki\u00e1ll\u00edt\u00e1son<\/strong>, a&nbsp;<strong>Neutrogena egyik term\u00e9kbemutat\u00f3 <a href=\"https:\/\/www.instagram.com\/p\/DPvwa1JDAHt\/\" target=\"_blank\" rel=\"noopener\" title=\"\">PR esem\u00e9ny\u00e9n<\/a> \u00e9s a <a href=\"https:\/\/www.instagram.com\/p\/DSGQF0ADCbM\/\" target=\"_blank\" rel=\"noopener\" title=\"\">Telekom kar\u00e1csonyi programsorozat\u00e1n<\/a> is ott volt az Atelier D7<\/strong>&nbsp;gy\u00f6ngyf\u0171z\u0151 vagy charm kark\u00f6t\u0151-, nyakl\u00e1nck\u00e9sz\u00edt\u0151 workshoppal. A bar\u00e1taim \u00e9s a v\u0151leg\u00e9nyem is akt\u00edvan szoktak seg\u00edteni ezek lebonyol\u00edt\u00e1s\u00e1ban, ami\u00e9rt nagyon h\u00e1l\u00e1s vagyok.<\/p>\n\n\n\n<div class=\"wp-block-uagb-container uagb-block-7f102110 alignfull uagb-is-root-container\"><div class=\"uagb-container-inner-blocks-wrap\">\n<div class=\"wp-block-uagb-container uagb-block-94a1a880 alignfull uagb-is-root-container\"><div class=\"uagb-container-inner-blocks-wrap\">\n<div class=\"wp-block-uagb-advanced-heading uagb-block-f8029bac\"><h3 class=\"uagb-heading-text\"><strong><strong><strong><strong>AZ ATELIER D7-R\u0150L MODT\u00c1K:<\/strong><\/strong><\/strong><\/strong><\/h3><\/div>\n\n\n\n<p><em>,,A hangulat szenz\u00e1ci\u00f3s volt, a bel\u00e9p\u00e9st\u0151l kezdve azonnal k\u00f6r\u00fclvett minket a vid\u00e1m, nyugodt \u00e9s kreat\u00edv l\u00e9gk\u00f6r.&nbsp;Nagyon j\u00f3 \u00e9rz\u00e9s volt egy\u00fctt alkotni. A charmok k\u00f6z\u00f6tt kotor\u00e1szva egy picit gyereknek \u00e9reztem magamat. \u00c9s nem utols\u00f3 sorban egy csod\u00e1s \u00e9kszerrel gyarapodott a gy\u0171jtem\u00e9nyem.\u201d<\/em><\/p>\n<\/div><\/div>\n<\/div><\/div>\n\n\n\n<div style=\"height:51px\" aria-hidden=\"true\" class=\"wp-block-spacer\"><\/div>\n\n\n\n<p><strong>EC: Mik a j\u00f6v\u0151beli terveid az Atelier D7 St\u00fadi\u00f3val kapcsolatban?<br><\/strong><strong>Dorina:&nbsp;<\/strong>Nagyon fontos sz\u00e1momra a&nbsp;<strong>min\u0151s\u00e9g \u00e9s az exkluz\u00edvabb<\/strong>&nbsp;\u00e9lm\u00e9ny biztos\u00edt\u00e1sa: emiatt limit\u00e1lom a r\u00e9sztvev\u0151k sz\u00e1m\u00e1t is, hogy mindenkire tudjon jutni szem\u00e9lyes figyelem \u00e9s a workshopok legnagyobb r\u00e9sz\u00e9t is \u00e9n tartom. Mindezt a j\u00f6v\u0151ben is priorit\u00e1sk\u00e9nt szeretn\u00e9m kezelni b\u00e1rhogyan is alakul a st\u00fadi\u00f3 j\u00f6v\u0151je. M\u00e1jusban lej\u00e1r a helysz\u00ednb\u00e9rleti szerz\u0151d\u00e9s, \u00edgy m\u00e9g k\u00e9rd\u00e9ses, hogy&nbsp;<strong>maradok-e itt vagy \u00faj helyet keresek,<\/strong>&nbsp;azonban szeretn\u00e9m, ha&nbsp;<strong>tov\u00e1bb tudna b\u0151v\u00fclni a k\u00f6z\u00f6ss\u00e9g<\/strong>. Az Atelier D7 befektet\u00e9s \u00e9s t\u0151ke n\u00e9lk\u00fcl organikusan, de rengeteg belefektetett munka mellett n\u0151tte ki mag\u00e1t ekkor\u00e1ra.&nbsp;<strong>Sz\u00edvem-lelkem benne van ebben a v\u00e1llalkoz\u00e1sban<\/strong>, \u00edgy rem\u00e9lem, hogy tov\u00e1bbra is lehet\u0151s\u00e9gem lesz min\u00e9l t\u00f6bb kreat\u00edv szem\u00e9llyel tal\u00e1lkozni \u00e9s egy\u00fctt alkotni.<\/p>\n\n\n\n<p>Forr\u00e1s: <a href=\"https:\/\/eskuvoclassic.hu\/kreativ-workshopok-budapest-atelier-d7\/\" target=\"_blank\" rel=\"noopener\" title=\"\">Esk\u00fcv\u0151 Classic Magazin <\/a><\/p>\n\n\n\n<p><\/p>","protected":false},"excerpt":{"rendered":"<p>Interj\u00fa B\u00f6gre Dorin\u00e1val, az Atelier D7 kreat\u00edv st\u00fadi\u00f3 alap\u00edt\u00f3j\u00e1val az Esk\u00fcv\u0151 Classic Magazinban ,,Szeretn\u00e9l egy helyet, ahol szabadon alkothatsz, \u00e9s k\u00f6zben j\u00f3l is \u00e9rzed magad? Az Atelier D7 \u00e1ltal szervezett kreat\u00edv workshopok Budapesten pont ilyenek! Legyen sz\u00f3 charm kark\u00f6t\u0151 k\u00e9sz\u00edt\u00e9sr\u0151l, t\u00e1ska horgol\u00e1sr\u00f3l vagy egyedi Glow &amp; Go neszeszer dekor\u00e1ci\u00f3r\u00f3l, minden alkalom egy \u00e9lm\u00e9ny, ahol a [&hellip;]<\/p>\n","protected":false},"author":2,"featured_media":4209,"comment_status":"open","ping_status":"open","sticky":false,"template":"","format":"standard","meta":{"_uag_custom_page_level_css":"","_monsterinsights_skip_tracking":false,"_monsterinsights_sitenote_active":false,"_monsterinsights_sitenote_note":"","_monsterinsights_sitenote_category":0,"site-sidebar-layout":"default","site-content-layout":"","ast-site-content-layout":"default","site-content-style":"default","site-sidebar-style":"default","ast-global-header-display":"","ast-banner-title-visibility":"","ast-main-header-display":"","ast-hfb-above-header-display":"","ast-hfb-below-header-display":"","ast-hfb-mobile-header-display":"","site-post-title":"","ast-breadcrumbs-content":"","ast-featured-img":"","footer-sml-layout":"","ast-disable-related-posts":"","theme-transparent-header-meta":"","adv-header-id-meta":"","stick-header-meta":"","header-above-stick-meta":"","header-main-stick-meta":"","header-below-stick-meta":"","astra-migrate-meta-layouts":"set","ast-page-background-enabled":"default","ast-page-background-meta":{"desktop":{"background-color":"var(--ast-global-color-4)","background-image":"","background-repeat":"repeat","background-position":"center center","background-size":"auto","background-attachment":"scroll","background-type":"","background-media":"","overlay-type":"","overlay-color":"","overlay-opacity":"","overlay-gradient":""},"tablet":{"background-color":"","background-image":"","background-repeat":"repeat","background-position":"center center","background-size":"auto","background-attachment":"scroll","background-type":"","background-media":"","overlay-type":"","overlay-color":"","overlay-opacity":"","overlay-gradient":""},"mobile":{"background-color":"","background-image":"","background-repeat":"repeat","background-position":"center center","background-size":"auto","background-attachment":"scroll","background-type":"","background-media":"","overlay-type":"","overlay-color":"","overlay-opacity":"","overlay-gradient":""}},"ast-content-background-meta":{"desktop":{"background-color":"var(--ast-global-color-5)","background-image":"","background-repeat":"repeat","background-position":"center center","background-size":"auto","background-attachment":"scroll","background-type":"","background-media":"","overlay-type":"","overlay-color":"","overlay-opacity":"","overlay-gradient":""},"tablet":{"background-color":"var(--ast-global-color-5)","background-image":"","background-repeat":"repeat","background-position":"center center","background-size":"auto","background-attachment":"scroll","background-type":"","background-media":"","overlay-type":"","overlay-color":"","overlay-opacity":"","overlay-gradient":""},"mobile":{"background-color":"var(--ast-global-color-5)","background-image":"","background-repeat":"repeat","background-position":"center center","background-size":"auto","background-attachment":"scroll","background-type":"","background-media":"","overlay-type":"","overlay-color":"","overlay-opacity":"","overlay-gradient":""}},"footnotes":""},"categories":[83,179,85,84],"tags":[174,89,175,90,88],"class_list":["post-4208","post","type-post","status-publish","format-standard","has-post-thumbnail","hentry","category-charm","category-crochet","category-studio","category-workshop","tag-atelier-d7","tag-kreativ-studio","tag-lanybucsu","tag-studio","tag-workshop"],"aioseo_notices":[],"uagb_featured_image_src":{"full":["https:\/\/atelierd7.com\/wp-content\/uploads\/2026\/04\/Atelier-D7-interju-bogre-dorinaval-blog.jpg",1920,1005,false],"thumbnail":["https:\/\/atelierd7.com\/wp-content\/uploads\/2026\/04\/Atelier-D7-interju-bogre-dorinaval-blog-150x150.jpg",150,150,true],"medium":["https:\/\/atelierd7.com\/wp-content\/uploads\/2026\/04\/Atelier-D7-interju-bogre-dorinaval-blog-300x157.jpg",300,157,true],"medium_large":["https:\/\/atelierd7.com\/wp-content\/uploads\/2026\/04\/Atelier-D7-interju-bogre-dorinaval-blog-768x402.jpg",768,402,true],"large":["https:\/\/atelierd7.com\/wp-content\/uploads\/2026\/04\/Atelier-D7-interju-bogre-dorinaval-blog-1024x536.jpg",1024,536,true],"1536x1536":["https:\/\/atelierd7.com\/wp-content\/uploads\/2026\/04\/Atelier-D7-interju-bogre-dorinaval-blog-1536x804.jpg",1536,804,true],"2048x2048":["https:\/\/atelierd7.com\/wp-content\/uploads\/2026\/04\/Atelier-D7-interju-bogre-dorinaval-blog.jpg",1920,1005,false],"trp-custom-language-flag":["https:\/\/atelierd7.com\/wp-content\/uploads\/2026\/04\/Atelier-D7-interju-bogre-dorinaval-blog-18x9.jpg",18,9,true],"woocommerce_thumbnail":["https:\/\/atelierd7.com\/wp-content\/uploads\/2026\/04\/Atelier-D7-interju-bogre-dorinaval-blog-250x250.jpg",250,250,true],"woocommerce_single":["https:\/\/atelierd7.com\/wp-content\/uploads\/2026\/04\/Atelier-D7-interju-bogre-dorinaval-blog-500x262.jpg",500,262,true],"woocommerce_gallery_thumbnail":["https:\/\/atelierd7.com\/wp-content\/uploads\/2026\/04\/Atelier-D7-interju-bogre-dorinaval-blog-100x100.jpg",100,100,true]},"uagb_author_info":{"display_name":"Dorina B\u00f6gre","author_link":"https:\/\/atelierd7.com\/en\/author\/encantadorka\/"},"uagb_comment_info":0,"uagb_excerpt":"Interj\u00fa B\u00f6gre Dorin\u00e1val, az Atelier D7 kreat\u00edv st\u00fadi\u00f3 alap\u00edt\u00f3j\u00e1val az Esk\u00fcv\u0151 Classic Magazinban ,,Szeretn\u00e9l egy helyet, ahol szabadon alkothatsz, \u00e9s k\u00f6zben j\u00f3l is \u00e9rzed magad? Az Atelier D7 \u00e1ltal szervezett kreat\u00edv workshopok Budapesten pont ilyenek! Legyen sz\u00f3 charm kark\u00f6t\u0151 k\u00e9sz\u00edt\u00e9sr\u0151l, t\u00e1ska horgol\u00e1sr\u00f3l vagy egyedi Glow &amp; Go neszeszer dekor\u00e1ci\u00f3r\u00f3l, minden alkalom egy \u00e9lm\u00e9ny, ahol a&hellip;","_links":{"self":[{"href":"https:\/\/atelierd7.com\/en\/wp-json\/wp\/v2\/posts\/4208","targetHints":{"allow":["GET"]}}],"collection":[{"href":"https:\/\/atelierd7.com\/en\/wp-json\/wp\/v2\/posts"}],"about":[{"href":"https:\/\/atelierd7.com\/en\/wp-json\/wp\/v2\/types\/post"}],"author":[{"embeddable":true,"href":"https:\/\/atelierd7.com\/en\/wp-json\/wp\/v2\/users\/2"}],"replies":[{"embeddable":true,"href":"https:\/\/atelierd7.com\/en\/wp-json\/wp\/v2\/comments?post=4208"}],"version-history":[{"count":19,"href":"https:\/\/atelierd7.com\/en\/wp-json\/wp\/v2\/posts\/4208\/revisions"}],"predecessor-version":[{"id":4236,"href":"https:\/\/atelierd7.com\/en\/wp-json\/wp\/v2\/posts\/4208\/revisions\/4236"}],"wp:featuredmedia":[{"embeddable":true,"href":"https:\/\/atelierd7.com\/en\/wp-json\/wp\/v2\/media\/4209"}],"wp:attachment":[{"href":"https:\/\/atelierd7.com\/en\/wp-json\/wp\/v2\/media?parent=4208"}],"wp:term":[{"taxonomy":"category","embeddable":true,"href":"https:\/\/atelierd7.com\/en\/wp-json\/wp\/v2\/categories?post=4208"},{"taxonomy":"post_tag","embeddable":true,"href":"https:\/\/atelierd7.com\/en\/wp-json\/wp\/v2\/tags?post=4208"}],"curies":[{"name":"wp","href":"https:\/\/api.w.org\/{rel}","templated":true}]}}